{"id":3695,"date":"2026-04-28T10:09:20","date_gmt":"2026-04-28T13:09:20","guid":{"rendered":"https:\/\/educacaocacador.com.br\/?p=3695"},"modified":"2026-04-28T10:14:26","modified_gmt":"2026-04-28T13:14:26","slug":"gestao-democratica","status":"publish","type":"post","link":"https:\/\/educacaocacador.com.br\/?p=3695","title":{"rendered":"GEST\u00c3O DEMOCR\u00c1TICA"},"content":{"rendered":"\n<p>A Secretaria Municipal de Educa\u00e7\u00e3o informa que houve atualiza\u00e7\u00f5es importantes na Gest\u00e3o Democr\u00e1tica do Ensino P\u00fablico da rede municipal.<\/p>\n\n\n\n<p>Com o novo Decreto n\u00ba 12.210\/2026, que altera o Decreto n\u00ba 10.454\/2022, passa a ser OBRIGAT\u00d3RIO para quem deseja atuar como Gestor Escolar:<\/p>\n\n\n\n<p>-Participar de curso de forma\u00e7\u00e3o em gest\u00e3o escolar<\/p>\n\n\n\n<p> Em breve, ser\u00e3o divulgadas todas as orienta\u00e7\u00f5es sobre o curso e como participar.<\/p>\n\n\n\n<p> O decreto atualizado j\u00e1 est\u00e1 dispon\u00edvel para consulta abaixo: <\/p>\n\n\n\n<div data-wp-interactive=\"core\/file\" class=\"wp-block-file\"><object data-wp-bind--hidden=\"!state.hasPdfPreview\" hidden class=\"wp-block-file__embed\" data=\"https:\/\/educacaocacador.com.br\/wp-content\/uploads\/2026\/04\/Decreto-10454-22.pdf\" type=\"application\/pdf\" style=\"width:100%;height:600px\" aria-label=\"Incorporado de Decreto 10454-22.\"><\/object><a id=\"wp-block-file--media-90ec9d75-8aaf-48cc-812f-f4b79aae5093\" href=\"https:\/\/educacaocacador.com.br\/wp-content\/uploads\/2026\/04\/Decreto-10454-22.pdf\">Decreto 10454-22<\/a><a href=\"https:\/\/educacaocacador.com.br\/wp-content\/uploads\/2026\/04\/Decreto-10454-22.pdf\" class=\"wp-block-file__button wp-element-button\" download aria-describedby=\"wp-block-file--media-90ec9d75-8aaf-48cc-812f-f4b79aae5093\">Baixar<\/a><\/div>\n","protected":false},"excerpt":{"rendered":"<p>A Secretaria Municipal de Educa\u00e7\u00e3o informa que houve atualiza\u00e7\u00f5es importantes na Gest\u00e3o Democr\u00e1tica do Ensino P\u00fablico da rede municipal. Com o novo Decreto n\u00ba 12.210\/2026, que altera o Decreto n\u00ba 10.454\/2022, passa a ser OBRIGAT\u00d3RIO para quem deseja atuar como Gestor Escolar: -Participar de curso de forma\u00e7\u00e3o em gest\u00e3o escolar Em breve, ser\u00e3o divulgadas todas [&hellip;]<\/p>\n","protected":false},"author":2,"featured_media":3696,"comment_status":"open","ping_status":"open","sticky":false,"template":"","format":"standard","meta":{"_acf_changed":false,"footnotes":""},"categories":[2],"tags":[],"class_list":["post-3695","post","type-post","status-publish","format-standard","has-post-thumbnail","hentry","category-noticias"],"acf":[],"_links":{"self":[{"href":"https:\/\/educacaocacador.com.br\/index.php?rest_route=\/wp\/v2\/posts\/3695","targetHints":{"allow":["GET"]}}],"collection":[{"href":"https:\/\/educacaocacador.com.br\/index.php?rest_route=\/wp\/v2\/posts"}],"about":[{"href":"https:\/\/educacaocacador.com.br\/index.php?rest_route=\/wp\/v2\/types\/post"}],"author":[{"embeddable":true,"href":"https:\/\/educacaocacador.com.br\/index.php?rest_route=\/wp\/v2\/users\/2"}],"replies":[{"embeddable":true,"href":"https:\/\/educacaocacador.com.br\/index.php?rest_route=%2Fwp%2Fv2%2Fcomments&post=3695"}],"version-history":[{"count":2,"href":"https:\/\/educacaocacador.com.br\/index.php?rest_route=\/wp\/v2\/posts\/3695\/revisions"}],"predecessor-version":[{"id":3699,"href":"https:\/\/educacaocacador.com.br\/index.php?rest_route=\/wp\/v2\/posts\/3695\/revisions\/3699"}],"wp:featuredmedia":[{"embeddable":true,"href":"https:\/\/educacaocacador.com.br\/index.php?rest_route=\/wp\/v2\/media\/3696"}],"wp:attachment":[{"href":"https:\/\/educacaocacador.com.br\/index.php?rest_route=%2Fwp%2Fv2%2Fmedia&parent=3695"}],"wp:term":[{"taxonomy":"category","embeddable":true,"href":"https:\/\/educacaocacador.com.br\/index.php?rest_route=%2Fwp%2Fv2%2Fcategories&post=3695"},{"taxonomy":"post_tag","embeddable":true,"href":"https:\/\/educacaocacador.com.br\/index.php?rest_route=%2Fwp%2Fv2%2Ftags&post=3695"}],"curies":[{"name":"wp","href":"https:\/\/api.w.org\/{rel}","templated":true}]}}