{"id":3498,"date":"2026-03-13T11:21:47","date_gmt":"2026-03-13T14:21:47","guid":{"rendered":"https:\/\/educacaocacador.com.br\/?p=3498"},"modified":"2026-03-13T11:21:47","modified_gmt":"2026-03-13T14:21:47","slug":"secretaria-de-educacao-de-cacador-promove-viagem-de-estudos-para-conhecer-praticas-educacionais-em-fraiburgo","status":"publish","type":"post","link":"https:\/\/educacaocacador.com.br\/?p=3498","title":{"rendered":"Secretaria de Educa\u00e7\u00e3o de Ca\u00e7ador promove viagem de estudos para conhecer pr\u00e1ticas educacionais em Fraiburgo"},"content":{"rendered":"\n<p>Com o objetivo de ampliar conhecimentos e fortalecer as pr\u00e1ticas pedag\u00f3gicas da rede municipal de ensino, profissionais da Secretaria Municipal de Educa\u00e7\u00e3o de Ca\u00e7ador realizaram uma viagem de estudos ao munic\u00edpio de Fraiburgo, no dia 9 de mar\u00e7o de 2026. A visita teve como foco conhecer experi\u00eancias voltadas \u00e0 Educa\u00e7\u00e3o Infantil e \u00e0 Educa\u00e7\u00e3o Integral em Tempo Integral (EITI).<\/p>\n\n\n\n<p>Durante a programa\u00e7\u00e3o, a equipe teve a oportunidade de conhecer a organiza\u00e7\u00e3o pedag\u00f3gica das unidades escolares, os espa\u00e7os educativos e as metodologias adotadas no atendimento \u00e0s crian\u00e7as. A troca de experi\u00eancias entre os profissionais proporcionou momentos importantes de di\u00e1logo, aprendizado e reflex\u00e3o sobre pr\u00e1ticas que contribuem para o desenvolvimento integral dos estudantes.<\/p>\n\n\n\n<p>A iniciativa tamb\u00e9m buscou promover a integra\u00e7\u00e3o entre os munic\u00edpios, fortalecendo parcerias e a\u00e7\u00f5es que qualificam ainda mais o trabalho desenvolvido nas institui\u00e7\u00f5es de ensino. Al\u00e9m disso, a visita permitiu conhecer projetos e estrat\u00e9gias aplicadas na Educa\u00e7\u00e3o Infantil e na Educa\u00e7\u00e3o Integral em Tempo Integral, contribuindo para o aprimoramento das pol\u00edticas educacionais e das pr\u00e1ticas pedag\u00f3gicas da rede municipal de Ca\u00e7ador.<\/p>\n\n\n\n<p>A Secretaria Municipal de Educa\u00e7\u00e3o destaca que momentos como este s\u00e3o fundamentais para a forma\u00e7\u00e3o continuada dos profissionais e para a constru\u00e7\u00e3o de uma educa\u00e7\u00e3o cada vez mais significativa, inovadora e alinhada \u00e0s necessidades das crian\u00e7as.<\/p>\n\n\n\n<p>A a\u00e7\u00e3o refor\u00e7a o compromisso do munic\u00edpio de Ca\u00e7ador com a qualidade da educa\u00e7\u00e3o, investindo na forma\u00e7\u00e3o e na valoriza\u00e7\u00e3o dos profissionais que atuam diariamente no desenvolvimento e na aprendizagem dos estudantes da rede municipal de ensino.<\/p>\n\n\n\n<figure class=\"wp-block-image size-large\"><img  title=\"\" loading=\"lazy\" decoding=\"async\" width=\"1024\" height=\"768\" src=\"https:\/\/educacaocacador.com.br\/wp-content\/uploads\/2026\/03\/WhatsApp-Image-2026-03-13-at-11.16.00-1024x768.jpeg\"  alt=\"WhatsApp-Image-2026-03-13-at-11.16.00-1024x768 Secretaria de Educa\u00e7\u00e3o de Ca\u00e7ador promove viagem de estudos para conhecer pr\u00e1ticas educacionais em Fraiburgo %image\"  class=\"wp-image-3499\" srcset=\"https:\/\/educacaocacador.com.br\/wp-content\/uploads\/2026\/03\/WhatsApp-Image-2026-03-13-at-11.16.00-1024x768.jpeg 1024w, https:\/\/educacaocacador.com.br\/wp-content\/uploads\/2026\/03\/WhatsApp-Image-2026-03-13-at-11.16.00-300x225.jpeg 300w, https:\/\/educacaocacador.com.br\/wp-content\/uploads\/2026\/03\/WhatsApp-Image-2026-03-13-at-11.16.00-768x576.jpeg 768w, https:\/\/educacaocacador.com.br\/wp-content\/uploads\/2026\/03\/WhatsApp-Image-2026-03-13-at-11.16.00-1536x1152.jpeg 1536w, https:\/\/educacaocacador.com.br\/wp-content\/uploads\/2026\/03\/WhatsApp-Image-2026-03-13-at-11.16.00.jpeg 1600w\" sizes=\"auto, (max-width: 1024px) 100vw, 1024px\" \/><\/figure>\n","protected":false},"excerpt":{"rendered":"<p>Com o objetivo de ampliar conhecimentos e fortalecer as pr\u00e1ticas pedag\u00f3gicas da rede municipal de ensino, profissionais da Secretaria Municipal de Educa\u00e7\u00e3o de Ca\u00e7ador realizaram uma viagem de estudos ao munic\u00edpio de Fraiburgo, no dia 9 de mar\u00e7o de 2026. A visita teve como foco conhecer experi\u00eancias voltadas \u00e0 Educa\u00e7\u00e3o Infantil e \u00e0 Educa\u00e7\u00e3o Integral [&hellip;]<\/p>\n","protected":false},"author":2,"featured_media":3499,"comment_status":"open","ping_status":"open","sticky":false,"template":"","format":"standard","meta":{"_acf_changed":false,"footnotes":""},"categories":[2],"tags":[],"class_list":["post-3498","post","type-post","status-publish","format-standard","has-post-thumbnail","hentry","category-noticias"],"acf":[],"_links":{"self":[{"href":"https:\/\/educacaocacador.com.br\/index.php?rest_route=\/wp\/v2\/posts\/3498","targetHints":{"allow":["GET"]}}],"collection":[{"href":"https:\/\/educacaocacador.com.br\/index.php?rest_route=\/wp\/v2\/posts"}],"about":[{"href":"https:\/\/educacaocacador.com.br\/index.php?rest_route=\/wp\/v2\/types\/post"}],"author":[{"embeddable":true,"href":"https:\/\/educacaocacador.com.br\/index.php?rest_route=\/wp\/v2\/users\/2"}],"replies":[{"embeddable":true,"href":"https:\/\/educacaocacador.com.br\/index.php?rest_route=%2Fwp%2Fv2%2Fcomments&post=3498"}],"version-history":[{"count":1,"href":"https:\/\/educacaocacador.com.br\/index.php?rest_route=\/wp\/v2\/posts\/3498\/revisions"}],"predecessor-version":[{"id":3500,"href":"https:\/\/educacaocacador.com.br\/index.php?rest_route=\/wp\/v2\/posts\/3498\/revisions\/3500"}],"wp:featuredmedia":[{"embeddable":true,"href":"https:\/\/educacaocacador.com.br\/index.php?rest_route=\/wp\/v2\/media\/3499"}],"wp:attachment":[{"href":"https:\/\/educacaocacador.com.br\/index.php?rest_route=%2Fwp%2Fv2%2Fmedia&parent=3498"}],"wp:term":[{"taxonomy":"category","embeddable":true,"href":"https:\/\/educacaocacador.com.br\/index.php?rest_route=%2Fwp%2Fv2%2Fcategories&post=3498"},{"taxonomy":"post_tag","embeddable":true,"href":"https:\/\/educacaocacador.com.br\/index.php?rest_route=%2Fwp%2Fv2%2Ftags&post=3498"}],"curies":[{"name":"wp","href":"https:\/\/api.w.org\/{rel}","templated":true}]}}