{"id":3477,"date":"2026-03-11T09:57:47","date_gmt":"2026-03-11T12:57:47","guid":{"rendered":"https:\/\/educacaocacador.com.br\/?p=3477"},"modified":"2026-03-11T09:57:48","modified_gmt":"2026-03-11T12:57:48","slug":"edital-de-chamada-publica-no-02-2026","status":"publish","type":"post","link":"https:\/\/educacaocacador.com.br\/?p=3477","title":{"rendered":"EDITAL DE CHAMADA P\u00daBLICA N\u00ba 02\/2026"},"content":{"rendered":"\n<p>A Secretaria Municipal de Educa\u00e7\u00e3o de Ca\u00e7ador torna p\u00fablica a realiza\u00e7\u00e3o de <strong>Chamada P\u00fablica, em car\u00e1ter emergencial<\/strong>, para a sele\u00e7\u00e3o de <strong>professores admitidos em car\u00e1ter tempor\u00e1rio (ACTs)<\/strong> para atua\u00e7\u00e3o na rede municipal de ensino no ano letivo de 2026.<\/p>\n\n\n\n<p>A medida se faz necess\u00e1ria considerando que os <strong>Processos Seletivos n\u00ba 001\/2024 e n\u00ba 02\/2025<\/strong>, atualmente em vig\u00eancia, n\u00e3o possuem mais candidatos aprovados dispon\u00edveis para convoca\u00e7\u00e3o nas vagas existentes.<\/p>\n\n\n\n<p>Abaixo est\u00e3o dispon\u00edveis o <strong>edital e as demais informa\u00e7\u00f5es<\/strong> referentes ao processo.<\/p>\n\n\n\n<div data-wp-interactive=\"core\/file\" class=\"wp-block-file\"><object data-wp-bind--hidden=\"!state.hasPdfPreview\" hidden class=\"wp-block-file__embed\" data=\"https:\/\/educacaocacador.com.br\/wp-content\/uploads\/2026\/03\/EDITAL_DE_CHAMADA_PUBLICA_N_02_2026-3-1.pdf\" type=\"application\/pdf\" style=\"width:100%;height:600px\" aria-label=\"Incorporado de EDITAL_DE_CHAMADA_PUBLICA_N_02_2026 (3).\"><\/object><a id=\"wp-block-file--media-12de394a-a641-4a22-9c0d-81c053ee9d9c\" href=\"https:\/\/educacaocacador.com.br\/wp-content\/uploads\/2026\/03\/EDITAL_DE_CHAMADA_PUBLICA_N_02_2026-3-1.pdf\">EDITAL_DE_CHAMADA_PUBLICA_N_02_2026 (3)<\/a><a href=\"https:\/\/educacaocacador.com.br\/wp-content\/uploads\/2026\/03\/EDITAL_DE_CHAMADA_PUBLICA_N_02_2026-3-1.pdf\" class=\"wp-block-file__button wp-element-button\" download aria-describedby=\"wp-block-file--media-12de394a-a641-4a22-9c0d-81c053ee9d9c\">Baixar<\/a><\/div>\n","protected":false},"excerpt":{"rendered":"<p>A Secretaria Municipal de Educa\u00e7\u00e3o de Ca\u00e7ador torna p\u00fablica a realiza\u00e7\u00e3o de Chamada P\u00fablica, em car\u00e1ter emergencial, para a sele\u00e7\u00e3o de professores admitidos em car\u00e1ter tempor\u00e1rio (ACTs) para atua\u00e7\u00e3o na rede municipal de ensino no ano letivo de 2026. A medida se faz necess\u00e1ria considerando que os Processos Seletivos n\u00ba 001\/2024 e n\u00ba 02\/2025, atualmente [&hellip;]<\/p>\n","protected":false},"author":2,"featured_media":3474,"comment_status":"open","ping_status":"open","sticky":false,"template":"","format":"standard","meta":{"_acf_changed":false,"footnotes":""},"categories":[2],"tags":[],"class_list":["post-3477","post","type-post","status-publish","format-standard","has-post-thumbnail","hentry","category-noticias"],"acf":[],"_links":{"self":[{"href":"https:\/\/educacaocacador.com.br\/index.php?rest_route=\/wp\/v2\/posts\/3477","targetHints":{"allow":["GET"]}}],"collection":[{"href":"https:\/\/educacaocacador.com.br\/index.php?rest_route=\/wp\/v2\/posts"}],"about":[{"href":"https:\/\/educacaocacador.com.br\/index.php?rest_route=\/wp\/v2\/types\/post"}],"author":[{"embeddable":true,"href":"https:\/\/educacaocacador.com.br\/index.php?rest_route=\/wp\/v2\/users\/2"}],"replies":[{"embeddable":true,"href":"https:\/\/educacaocacador.com.br\/index.php?rest_route=%2Fwp%2Fv2%2Fcomments&post=3477"}],"version-history":[{"count":1,"href":"https:\/\/educacaocacador.com.br\/index.php?rest_route=\/wp\/v2\/posts\/3477\/revisions"}],"predecessor-version":[{"id":3479,"href":"https:\/\/educacaocacador.com.br\/index.php?rest_route=\/wp\/v2\/posts\/3477\/revisions\/3479"}],"wp:featuredmedia":[{"embeddable":true,"href":"https:\/\/educacaocacador.com.br\/index.php?rest_route=\/wp\/v2\/media\/3474"}],"wp:attachment":[{"href":"https:\/\/educacaocacador.com.br\/index.php?rest_route=%2Fwp%2Fv2%2Fmedia&parent=3477"}],"wp:term":[{"taxonomy":"category","embeddable":true,"href":"https:\/\/educacaocacador.com.br\/index.php?rest_route=%2Fwp%2Fv2%2Fcategories&post=3477"},{"taxonomy":"post_tag","embeddable":true,"href":"https:\/\/educacaocacador.com.br\/index.php?rest_route=%2Fwp%2Fv2%2Ftags&post=3477"}],"curies":[{"name":"wp","href":"https:\/\/api.w.org\/{rel}","templated":true}]}}